{"id":22024,"date":"2024-09-27T09:52:26","date_gmt":"2024-09-27T07:52:26","guid":{"rendered":"https:\/\/bm-gmbh.com\/bm-at-the-denkmal-trade-fair-in-leipzig\/"},"modified":"2025-05-14T16:57:45","modified_gmt":"2025-05-14T14:57:45","slug":"bm-at-the-denkmal-trade-fair-in-leipzig","status":"publish","type":"post","link":"https:\/\/www.bm-gmbh.com\/en\/bm-at-the-denkmal-trade-fair-in-leipzig\/","title":{"rendered":"bm at the Denkmal trade fair in Leipzig"},"content":{"rendered":"<p>denkmal is the leading European trade fair for monument preservation, restoration and renovation of old buildings. Every two years, national and international experts meet in Leipzig. We look forward to welcoming you to Leipzig from 7 to 9 November 2024!  <\/p>\n<p>You will find us in hall 2 &#8211; booth B17.<\/p>\n<p>We present new products and products for refurbishment, renovation and building in existing buildings. For admission ticket vouchers, you are welcome to contact the info@bm-gmbh.comm. <\/p>\n<p>&nbsp;<\/p>\n<p>We look forward to your visit!<\/p>\n<p><img fetchpriority=\"high\" decoding=\"async\" class=\"alignnone wp-image-22020\" src=\"https:\/\/www.bm-gmbh.com\/wp-content\/uploads\/2024\/09\/signet-30-jahre-denkmal-komplett-rot-rgb-300x113.png\" alt=\"\" width=\"568\" height=\"214\" srcset=\"https:\/\/www.bm-gmbh.com\/wp-content\/uploads\/2024\/09\/signet-30-jahre-denkmal-komplett-rot-rgb-300x113.png 300w, https:\/\/www.bm-gmbh.com\/wp-content\/uploads\/2024\/09\/signet-30-jahre-denkmal-komplett-rot-rgb-1024x386.png 1024w, https:\/\/www.bm-gmbh.com\/wp-content\/uploads\/2024\/09\/signet-30-jahre-denkmal-komplett-rot-rgb-150x57.png 150w, https:\/\/www.bm-gmbh.com\/wp-content\/uploads\/2024\/09\/signet-30-jahre-denkmal-komplett-rot-rgb-768x290.png 768w, https:\/\/www.bm-gmbh.com\/wp-content\/uploads\/2024\/09\/signet-30-jahre-denkmal-komplett-rot-rgb-600x226.png 600w, https:\/\/www.bm-gmbh.com\/wp-content\/uploads\/2024\/09\/signet-30-jahre-denkmal-komplett-rot-rgb.png 1238w\" sizes=\"(max-width: 568px) 100vw, 568px\" \/><\/p>\n","protected":false},"excerpt":{"rendered":"<p>denkmal is the leading European trade fair for monument preservation, restoration and renovation of old buildings. Every two years, national and international experts meet in Leipzig. We look forward to welcoming you to Leipzig from 7 to 9 November 2024! You will find us in hall 2 &#8211; booth B17. We present new products and [&hellip;]<\/p>\n","protected":false},"author":3,"featured_media":22021,"comment_status":"closed","ping_status":"closed","sticky":false,"template":"","format":"standard","meta":{"site-sidebar-layout":"default","site-content-layout":"","ast-site-content-layout":"default","site-content-style":"default","site-sidebar-style":"default","ast-global-header-display":"","ast-banner-title-visibility":"","ast-main-header-display":"","ast-hfb-above-header-display":"","ast-hfb-below-header-display":"","ast-hfb-mobile-header-display":"","site-post-title":"","ast-breadcrumbs-content":"","ast-featured-img":"","footer-sml-layout":"","ast-disable-related-posts":"","theme-transparent-header-meta":"default","adv-header-id-meta":"","stick-header-meta":"","header-above-stick-meta":"","header-main-stick-meta":"","header-below-stick-meta":"","astra-migrate-meta-layouts":"set","ast-page-background-enabled":"default","ast-page-background-meta":{"desktop":{"background-color":"var(--ast-global-color-4)","background-image":"","background-repeat":"repeat","background-position":"center center","background-size":"auto","background-attachment":"scroll","background-type":"","background-media":"","overlay-type":"","overlay-color":"","overlay-opacity":"","overlay-gradient":""},"tablet":{"background-color":"","background-image":"","background-repeat":"repeat","background-position":"center center","background-size":"auto","background-attachment":"scroll","background-type":"","background-media":"","overlay-type":"","overlay-color":"","overlay-opacity":"","overlay-gradient":""},"mobile":{"background-color":"","background-image":"","background-repeat":"repeat","background-position":"center center","background-size":"auto","background-attachment":"scroll","background-type":"","background-media":"","overlay-type":"","overlay-color":"","overlay-opacity":"","overlay-gradient":""}},"ast-content-background-meta":{"desktop":{"background-color":"var(--ast-global-color-5)","background-image":"","background-repeat":"repeat","background-position":"center center","background-size":"auto","background-attachment":"scroll","background-type":"","background-media":"","overlay-type":"","overlay-color":"","overlay-opacity":"","overlay-gradient":""},"tablet":{"background-color":"var(--ast-global-color-5)","background-image":"","background-repeat":"repeat","background-position":"center center","background-size":"auto","background-attachment":"scroll","background-type":"","background-media":"","overlay-type":"","overlay-color":"","overlay-opacity":"","overlay-gradient":""},"mobile":{"background-color":"var(--ast-global-color-5)","background-image":"","background-repeat":"repeat","background-position":"center center","background-size":"auto","background-attachment":"scroll","background-type":"","background-media":"","overlay-type":"","overlay-color":"","overlay-opacity":"","overlay-gradient":""}},"footnotes":""},"categories":[1139,1141],"tags":[],"class_list":["post-22024","post","type-post","status-publish","format-standard","has-post-thumbnail","hentry","category-news-en","category-news-en-2"],"yoast_head":"<!-- This site is optimized with the Yoast SEO Premium plugin v27.4 (Yoast SEO v27.4) - https:\/\/yoast.com\/product\/yoast-seo-premium-wordpress\/ -->\n<title>bm at the Denkmal trade fair in Leipzig - b&amp;m GmbH - Ihr Partner f\u00fcr alle Marken<\/title>\n<meta name=\"description\" content=\"bm at the Denkmal trade fair in Leipzig News\" \/>\n<meta name=\"robots\" content=\"index, follow, max-snippet:-1, max-image-preview:large, max-video-preview:-1\" \/>\n<link rel=\"canonical\" href=\"https:\/\/www.bm-gmbh.com\/en\/bm-at-the-denkmal-trade-fair-in-leipzig\/\" \/>\n<meta property=\"og:locale\" content=\"en_US\" \/>\n<meta property=\"og:type\" content=\"article\" \/>\n<meta property=\"og:title\" content=\"bm at the Denkmal trade fair in Leipzig\" \/>\n<meta property=\"og:description\" content=\"bm at the Denkmal trade fair in Leipzig News\" \/>\n<meta property=\"og:url\" content=\"https:\/\/www.bm-gmbh.com\/en\/bm-at-the-denkmal-trade-fair-in-leipzig\/\" \/>\n<meta property=\"og:site_name\" content=\"b&amp;m GmbH - Ihr Partner f\u00fcr alle Marken\" \/>\n<meta property=\"article:published_time\" content=\"2024-09-27T07:52:26+00:00\" \/>\n<meta property=\"article:modified_time\" content=\"2025-05-14T14:57:45+00:00\" \/>\n<meta property=\"og:image\" content=\"https:\/\/www.bm-gmbh.com\/wp-content\/uploads\/2024\/09\/signet-30-jahre-denkmal-komplett-rot-rgb.png\" \/>\n\t<meta property=\"og:image:width\" content=\"1238\" \/>\n\t<meta property=\"og:image:height\" content=\"467\" \/>\n\t<meta property=\"og:image:type\" content=\"image\/png\" \/>\n<meta name=\"author\" content=\"Dominik Sauermann\" \/>\n<script type=\"application\/ld+json\" class=\"yoast-schema-graph\">{\"@context\":\"https:\\\/\\\/schema.org\",\"@graph\":[{\"@type\":\"Article\",\"@id\":\"https:\\\/\\\/www.bm-gmbh.com\\\/en\\\/bm-at-the-denkmal-trade-fair-in-leipzig\\\/#article\",\"isPartOf\":{\"@id\":\"https:\\\/\\\/www.bm-gmbh.com\\\/en\\\/bm-at-the-denkmal-trade-fair-in-leipzig\\\/\"},\"author\":{\"name\":\"Dominik Sauermann\",\"@id\":\"https:\\\/\\\/www.bm-gmbh.com\\\/en\\\/#\\\/schema\\\/person\\\/e366272b585f6786406f57dd52a06b5c\"},\"headline\":\"bm at the Denkmal trade fair in Leipzig\",\"datePublished\":\"2024-09-27T07:52:26+00:00\",\"dateModified\":\"2025-05-14T14:57:45+00:00\",\"mainEntityOfPage\":{\"@id\":\"https:\\\/\\\/www.bm-gmbh.com\\\/en\\\/bm-at-the-denkmal-trade-fair-in-leipzig\\\/\"},\"wordCount\":88,\"publisher\":{\"@id\":\"https:\\\/\\\/www.bm-gmbh.com\\\/en\\\/#organization\"},\"image\":{\"@id\":\"https:\\\/\\\/www.bm-gmbh.com\\\/en\\\/bm-at-the-denkmal-trade-fair-in-leipzig\\\/#primaryimage\"},\"thumbnailUrl\":\"https:\\\/\\\/www.bm-gmbh.com\\\/wp-content\\\/uploads\\\/2024\\\/09\\\/signet-30-jahre-denkmal-komplett-rot-rgb.png\",\"articleSection\":[\"News\",\"News\"],\"inLanguage\":\"en-US\"},{\"@type\":\"WebPage\",\"@id\":\"https:\\\/\\\/www.bm-gmbh.com\\\/en\\\/bm-at-the-denkmal-trade-fair-in-leipzig\\\/\",\"url\":\"https:\\\/\\\/www.bm-gmbh.com\\\/en\\\/bm-at-the-denkmal-trade-fair-in-leipzig\\\/\",\"name\":\"bm at the Denkmal trade fair in Leipzig - b&amp;m GmbH - Ihr Partner f\u00fcr alle Marken\",\"isPartOf\":{\"@id\":\"https:\\\/\\\/www.bm-gmbh.com\\\/en\\\/#website\"},\"primaryImageOfPage\":{\"@id\":\"https:\\\/\\\/www.bm-gmbh.com\\\/en\\\/bm-at-the-denkmal-trade-fair-in-leipzig\\\/#primaryimage\"},\"image\":{\"@id\":\"https:\\\/\\\/www.bm-gmbh.com\\\/en\\\/bm-at-the-denkmal-trade-fair-in-leipzig\\\/#primaryimage\"},\"thumbnailUrl\":\"https:\\\/\\\/www.bm-gmbh.com\\\/wp-content\\\/uploads\\\/2024\\\/09\\\/signet-30-jahre-denkmal-komplett-rot-rgb.png\",\"datePublished\":\"2024-09-27T07:52:26+00:00\",\"dateModified\":\"2025-05-14T14:57:45+00:00\",\"description\":\"bm at the Denkmal trade fair in Leipzig News\",\"breadcrumb\":{\"@id\":\"https:\\\/\\\/www.bm-gmbh.com\\\/en\\\/bm-at-the-denkmal-trade-fair-in-leipzig\\\/#breadcrumb\"},\"inLanguage\":\"en-US\",\"potentialAction\":[{\"@type\":\"ReadAction\",\"target\":[\"https:\\\/\\\/www.bm-gmbh.com\\\/en\\\/bm-at-the-denkmal-trade-fair-in-leipzig\\\/\"]}]},{\"@type\":\"ImageObject\",\"inLanguage\":\"en-US\",\"@id\":\"https:\\\/\\\/www.bm-gmbh.com\\\/en\\\/bm-at-the-denkmal-trade-fair-in-leipzig\\\/#primaryimage\",\"url\":\"https:\\\/\\\/www.bm-gmbh.com\\\/wp-content\\\/uploads\\\/2024\\\/09\\\/signet-30-jahre-denkmal-komplett-rot-rgb.png\",\"contentUrl\":\"https:\\\/\\\/www.bm-gmbh.com\\\/wp-content\\\/uploads\\\/2024\\\/09\\\/signet-30-jahre-denkmal-komplett-rot-rgb.png\",\"width\":1238,\"height\":467},{\"@type\":\"BreadcrumbList\",\"@id\":\"https:\\\/\\\/www.bm-gmbh.com\\\/en\\\/bm-at-the-denkmal-trade-fair-in-leipzig\\\/#breadcrumb\",\"itemListElement\":[{\"@type\":\"ListItem\",\"position\":1,\"name\":\"Startseite\",\"item\":\"https:\\\/\\\/www.bm-gmbh.com\\\/en\\\/home-page\\\/\"},{\"@type\":\"ListItem\",\"position\":2,\"name\":\"bm at the Denkmal trade fair in Leipzig\"}]},{\"@type\":\"WebSite\",\"@id\":\"https:\\\/\\\/www.bm-gmbh.com\\\/en\\\/#website\",\"url\":\"https:\\\/\\\/www.bm-gmbh.com\\\/en\\\/\",\"name\":\"b&m GmbH\",\"description\":\"Ihr Partner f\u00fcr alle Marken\",\"publisher\":{\"@id\":\"https:\\\/\\\/www.bm-gmbh.com\\\/en\\\/#organization\"},\"alternateName\":\"b&m GmbH - Ihr Partner f\u00fcr alle Marken\",\"potentialAction\":[{\"@type\":\"SearchAction\",\"target\":{\"@type\":\"EntryPoint\",\"urlTemplate\":\"https:\\\/\\\/www.bm-gmbh.com\\\/en\\\/?s={search_term_string}\"},\"query-input\":{\"@type\":\"PropertyValueSpecification\",\"valueRequired\":true,\"valueName\":\"search_term_string\"}}],\"inLanguage\":\"en-US\"},{\"@type\":\"Organization\",\"@id\":\"https:\\\/\\\/www.bm-gmbh.com\\\/en\\\/#organization\",\"name\":\"b&m GmbH\",\"alternateName\":\"b&m GmbH - Ihr Partner f\u00fcr alle Marken\",\"url\":\"https:\\\/\\\/www.bm-gmbh.com\\\/en\\\/\",\"logo\":{\"@type\":\"ImageObject\",\"inLanguage\":\"en-US\",\"@id\":\"https:\\\/\\\/www.bm-gmbh.com\\\/en\\\/#\\\/schema\\\/logo\\\/image\\\/\",\"url\":\"https:\\\/\\\/www.bm-gmbh.com\\\/wp-content\\\/uploads\\\/bm-1024.png\",\"contentUrl\":\"https:\\\/\\\/www.bm-gmbh.com\\\/wp-content\\\/uploads\\\/bm-1024.png\",\"width\":1024,\"height\":1024,\"caption\":\"b&m GmbH\"},\"image\":{\"@id\":\"https:\\\/\\\/www.bm-gmbh.com\\\/en\\\/#\\\/schema\\\/logo\\\/image\\\/\"},\"sameAs\":[\"https:\\\/\\\/www.instagram.com\\\/bm.gmbh\",\"https:\\\/\\\/www.youtube.com\\\/@bmgmbh6754\"],\"description\":\"Mittelst\u00e4ndischer Anbieter f\u00fcr Farbspritztechnik, Oberfl\u00e4chentechnik, Pumpentechnik, Bautenschutz- und Injektionstechnik. Bedient prim\u00e4r Handwerk und Industrie Zentrale Produkte & Services: Spritztechnik: Hand- & Automatikpistolen, HD\\\/ND-Ger\u00e4te, 2K-Anlagen, Elektrostatiksysteme. Bautenschutz\\\/Injektionstechnik: Injektionsanlagen, Gelanlagen, Schnecken-\\\/Mischpumpen. Zubeh\u00f6r\\\/Technik: Kompressoren, Filteranlagen, R\u00fchrwerke, Packer & Injektoren. Fokus auf hochwertige, langlebige Profi-Ger\u00e4te \u2192 Interesse an zuverl\u00e4ssigen Partnern, Service & technischem Support.\",\"email\":\"info@bm-gmbh.com\",\"telephone\":\"0049 7546 923120\",\"legalName\":\"b&m GmbH\",\"foundingDate\":\"1997-04-02\",\"numberOfEmployees\":{\"@type\":\"QuantitativeValue\",\"minValue\":\"11\",\"maxValue\":\"50\"}},{\"@type\":\"Person\",\"@id\":\"https:\\\/\\\/www.bm-gmbh.com\\\/en\\\/#\\\/schema\\\/person\\\/e366272b585f6786406f57dd52a06b5c\",\"name\":\"Dominik Sauermann\"}]}<\/script>\n<!-- \/ Yoast SEO Premium plugin. -->","yoast_head_json":{"title":"bm at the Denkmal trade fair in Leipzig - b&amp;m GmbH - Ihr Partner f\u00fcr alle Marken","description":"bm at the Denkmal trade fair in Leipzig News","robots":{"index":"index","follow":"follow","max-snippet":"max-snippet:-1","max-image-preview":"max-image-preview:large","max-video-preview":"max-video-preview:-1"},"canonical":"https:\/\/www.bm-gmbh.com\/en\/bm-at-the-denkmal-trade-fair-in-leipzig\/","og_locale":"en_US","og_type":"article","og_title":"bm at the Denkmal trade fair in Leipzig","og_description":"bm at the Denkmal trade fair in Leipzig News","og_url":"https:\/\/www.bm-gmbh.com\/en\/bm-at-the-denkmal-trade-fair-in-leipzig\/","og_site_name":"b&amp;m GmbH - Ihr Partner f\u00fcr alle Marken","article_published_time":"2024-09-27T07:52:26+00:00","article_modified_time":"2025-05-14T14:57:45+00:00","og_image":[{"width":1238,"height":467,"url":"https:\/\/www.bm-gmbh.com\/wp-content\/uploads\/2024\/09\/signet-30-jahre-denkmal-komplett-rot-rgb.png","type":"image\/png"}],"author":"Dominik Sauermann","schema":{"@context":"https:\/\/schema.org","@graph":[{"@type":"Article","@id":"https:\/\/www.bm-gmbh.com\/en\/bm-at-the-denkmal-trade-fair-in-leipzig\/#article","isPartOf":{"@id":"https:\/\/www.bm-gmbh.com\/en\/bm-at-the-denkmal-trade-fair-in-leipzig\/"},"author":{"name":"Dominik Sauermann","@id":"https:\/\/www.bm-gmbh.com\/en\/#\/schema\/person\/e366272b585f6786406f57dd52a06b5c"},"headline":"bm at the Denkmal trade fair in Leipzig","datePublished":"2024-09-27T07:52:26+00:00","dateModified":"2025-05-14T14:57:45+00:00","mainEntityOfPage":{"@id":"https:\/\/www.bm-gmbh.com\/en\/bm-at-the-denkmal-trade-fair-in-leipzig\/"},"wordCount":88,"publisher":{"@id":"https:\/\/www.bm-gmbh.com\/en\/#organization"},"image":{"@id":"https:\/\/www.bm-gmbh.com\/en\/bm-at-the-denkmal-trade-fair-in-leipzig\/#primaryimage"},"thumbnailUrl":"https:\/\/www.bm-gmbh.com\/wp-content\/uploads\/2024\/09\/signet-30-jahre-denkmal-komplett-rot-rgb.png","articleSection":["News","News"],"inLanguage":"en-US"},{"@type":"WebPage","@id":"https:\/\/www.bm-gmbh.com\/en\/bm-at-the-denkmal-trade-fair-in-leipzig\/","url":"https:\/\/www.bm-gmbh.com\/en\/bm-at-the-denkmal-trade-fair-in-leipzig\/","name":"bm at the Denkmal trade fair in Leipzig - b&amp;m GmbH - Ihr Partner f\u00fcr alle Marken","isPartOf":{"@id":"https:\/\/www.bm-gmbh.com\/en\/#website"},"primaryImageOfPage":{"@id":"https:\/\/www.bm-gmbh.com\/en\/bm-at-the-denkmal-trade-fair-in-leipzig\/#primaryimage"},"image":{"@id":"https:\/\/www.bm-gmbh.com\/en\/bm-at-the-denkmal-trade-fair-in-leipzig\/#primaryimage"},"thumbnailUrl":"https:\/\/www.bm-gmbh.com\/wp-content\/uploads\/2024\/09\/signet-30-jahre-denkmal-komplett-rot-rgb.png","datePublished":"2024-09-27T07:52:26+00:00","dateModified":"2025-05-14T14:57:45+00:00","description":"bm at the Denkmal trade fair in Leipzig News","breadcrumb":{"@id":"https:\/\/www.bm-gmbh.com\/en\/bm-at-the-denkmal-trade-fair-in-leipzig\/#breadcrumb"},"inLanguage":"en-US","potentialAction":[{"@type":"ReadAction","target":["https:\/\/www.bm-gmbh.com\/en\/bm-at-the-denkmal-trade-fair-in-leipzig\/"]}]},{"@type":"ImageObject","inLanguage":"en-US","@id":"https:\/\/www.bm-gmbh.com\/en\/bm-at-the-denkmal-trade-fair-in-leipzig\/#primaryimage","url":"https:\/\/www.bm-gmbh.com\/wp-content\/uploads\/2024\/09\/signet-30-jahre-denkmal-komplett-rot-rgb.png","contentUrl":"https:\/\/www.bm-gmbh.com\/wp-content\/uploads\/2024\/09\/signet-30-jahre-denkmal-komplett-rot-rgb.png","width":1238,"height":467},{"@type":"BreadcrumbList","@id":"https:\/\/www.bm-gmbh.com\/en\/bm-at-the-denkmal-trade-fair-in-leipzig\/#breadcrumb","itemListElement":[{"@type":"ListItem","position":1,"name":"Startseite","item":"https:\/\/www.bm-gmbh.com\/en\/home-page\/"},{"@type":"ListItem","position":2,"name":"bm at the Denkmal trade fair in Leipzig"}]},{"@type":"WebSite","@id":"https:\/\/www.bm-gmbh.com\/en\/#website","url":"https:\/\/www.bm-gmbh.com\/en\/","name":"b&m GmbH","description":"Ihr Partner f\u00fcr alle Marken","publisher":{"@id":"https:\/\/www.bm-gmbh.com\/en\/#organization"},"alternateName":"b&m GmbH - Ihr Partner f\u00fcr alle Marken","potentialAction":[{"@type":"SearchAction","target":{"@type":"EntryPoint","urlTemplate":"https:\/\/www.bm-gmbh.com\/en\/?s={search_term_string}"},"query-input":{"@type":"PropertyValueSpecification","valueRequired":true,"valueName":"search_term_string"}}],"inLanguage":"en-US"},{"@type":"Organization","@id":"https:\/\/www.bm-gmbh.com\/en\/#organization","name":"b&m GmbH","alternateName":"b&m GmbH - Ihr Partner f\u00fcr alle Marken","url":"https:\/\/www.bm-gmbh.com\/en\/","logo":{"@type":"ImageObject","inLanguage":"en-US","@id":"https:\/\/www.bm-gmbh.com\/en\/#\/schema\/logo\/image\/","url":"https:\/\/www.bm-gmbh.com\/wp-content\/uploads\/bm-1024.png","contentUrl":"https:\/\/www.bm-gmbh.com\/wp-content\/uploads\/bm-1024.png","width":1024,"height":1024,"caption":"b&m GmbH"},"image":{"@id":"https:\/\/www.bm-gmbh.com\/en\/#\/schema\/logo\/image\/"},"sameAs":["https:\/\/www.instagram.com\/bm.gmbh","https:\/\/www.youtube.com\/@bmgmbh6754"],"description":"Mittelst\u00e4ndischer Anbieter f\u00fcr Farbspritztechnik, Oberfl\u00e4chentechnik, Pumpentechnik, Bautenschutz- und Injektionstechnik. Bedient prim\u00e4r Handwerk und Industrie Zentrale Produkte & Services: Spritztechnik: Hand- & Automatikpistolen, HD\/ND-Ger\u00e4te, 2K-Anlagen, Elektrostatiksysteme. Bautenschutz\/Injektionstechnik: Injektionsanlagen, Gelanlagen, Schnecken-\/Mischpumpen. Zubeh\u00f6r\/Technik: Kompressoren, Filteranlagen, R\u00fchrwerke, Packer & Injektoren. Fokus auf hochwertige, langlebige Profi-Ger\u00e4te \u2192 Interesse an zuverl\u00e4ssigen Partnern, Service & technischem Support.","email":"info@bm-gmbh.com","telephone":"0049 7546 923120","legalName":"b&m GmbH","foundingDate":"1997-04-02","numberOfEmployees":{"@type":"QuantitativeValue","minValue":"11","maxValue":"50"}},{"@type":"Person","@id":"https:\/\/www.bm-gmbh.com\/en\/#\/schema\/person\/e366272b585f6786406f57dd52a06b5c","name":"Dominik Sauermann"}]}},"_links":{"self":[{"href":"https:\/\/www.bm-gmbh.com\/en\/wp-json\/wp\/v2\/posts\/22024","targetHints":{"allow":["GET"]}}],"collection":[{"href":"https:\/\/www.bm-gmbh.com\/en\/wp-json\/wp\/v2\/posts"}],"about":[{"href":"https:\/\/www.bm-gmbh.com\/en\/wp-json\/wp\/v2\/types\/post"}],"author":[{"embeddable":true,"href":"https:\/\/www.bm-gmbh.com\/en\/wp-json\/wp\/v2\/users\/3"}],"replies":[{"embeddable":true,"href":"https:\/\/www.bm-gmbh.com\/en\/wp-json\/wp\/v2\/comments?post=22024"}],"version-history":[{"count":1,"href":"https:\/\/www.bm-gmbh.com\/en\/wp-json\/wp\/v2\/posts\/22024\/revisions"}],"predecessor-version":[{"id":22658,"href":"https:\/\/www.bm-gmbh.com\/en\/wp-json\/wp\/v2\/posts\/22024\/revisions\/22658"}],"wp:featuredmedia":[{"embeddable":true,"href":"https:\/\/www.bm-gmbh.com\/en\/wp-json\/wp\/v2\/media\/22021"}],"wp:attachment":[{"href":"https:\/\/www.bm-gmbh.com\/en\/wp-json\/wp\/v2\/media?parent=22024"}],"wp:term":[{"taxonomy":"category","embeddable":true,"href":"https:\/\/www.bm-gmbh.com\/en\/wp-json\/wp\/v2\/categories?post=22024"},{"taxonomy":"post_tag","embeddable":true,"href":"https:\/\/www.bm-gmbh.com\/en\/wp-json\/wp\/v2\/tags?post=22024"}],"curies":[{"name":"wp","href":"https:\/\/api.w.org\/{rel}","templated":true}]}}